{"id":835,"date":"2023-12-19T17:05:05","date_gmt":"2023-12-19T20:05:05","guid":{"rendered":"https:\/\/renavefacil.net\/blog\/?p=835"},"modified":"2023-12-19T17:12:16","modified_gmt":"2023-12-19T20:12:16","slug":"setor-automotivo-tendencias","status":"publish","type":"post","link":"https:\/\/renavefacil.net\/blog\/2023\/12\/19\/setor-automotivo-tendencias\/","title":{"rendered":"Setor automotivo: tend\u00eancias para 2024"},"content":{"rendered":"<p><i><span style=\"font-weight: 400;\">O comportamento do mercado e do consumidor s\u00e3o os principais influenciadores no surgimento de tend\u00eancias. E no setor automotivo n\u00e3o seria diferente.<\/span><\/i><\/p>\n<p><i><span style=\"font-weight: 400;\">Ent\u00e3o, para te ajudar a acompanhar essas mudan\u00e7as, listamos a seguir algumas das principais tend\u00eancias para 2024. Continue a leitura para conhecer!<\/span><\/i><\/p>\n<h2><b>O que esperar do setor automotivo em 2024?<\/b><\/h2>\n<p><img fetchpriority=\"high\" decoding=\"async\" class=\"alignnone wp-image-836 size-full\" title=\"Setor automotivo em 2024\" src=\"https:\/\/renavefacil.net\/blog\/wp-content\/uploads\/2023\/12\/setor-automotivo-em-2024.jpg\" alt=\"Setor automotivo em 2024\" width=\"768\" height=\"512\" srcset=\"https:\/\/renavefacil.net\/blog\/wp-content\/uploads\/2023\/12\/setor-automotivo-em-2024.jpg 768w, https:\/\/renavefacil.net\/blog\/wp-content\/uploads\/2023\/12\/setor-automotivo-em-2024-300x200.jpg 300w, https:\/\/renavefacil.net\/blog\/wp-content\/uploads\/2023\/12\/setor-automotivo-em-2024-272x182.jpg 272w\" sizes=\"(max-width: 768px) 100vw, 768px\" \/><\/p>\n<p><span style=\"font-weight: 400;\">O setor automotivo tem passado por grandes mudan\u00e7as nos \u00faltimos anos. A crise dos semicondutores, a guerra entre a Ucr\u00e2nia e a R\u00fassia e os avan\u00e7os tecnol\u00f3gicos t\u00eam direcionado e impactado as tend\u00eancias para 2024.<\/span><\/p>\n<p><span style=\"font-weight: 400;\">E por falar em crise, a escassez dos semicondutores deve reduzir e o <\/span><a href=\"https:\/\/renavefacil.net\/blog\/2023\/02\/27\/mercado-de-veiculos\/\"><span style=\"font-weight: 400;\">mercado<\/span><\/a><span style=\"font-weight: 400;\"> ir\u00e1 se recuperar no pr\u00f3ximo ano. Esse \u00e9 um problema que vem afetando diferentes setores, assim como o automotivo, desde 2018.<\/span><\/p>\n<p><span style=\"font-weight: 400;\">Contudo, a Gartner, citada pela <\/span><a href=\"https:\/\/inforchannel.com.br\/2023\/12\/04\/receita-de-semicondutores-deve-cair-11-este-ano-mas-se-recupera-em-2024\/\"><span style=\"font-weight: 400;\">Infor Channel<\/span><\/a><span style=\"font-weight: 400;\">, prev\u00ea um crescimento na receita global de semicondutores de <\/span><b>16,8% <\/b><span style=\"font-weight: 400;\">em 2024, totalizando <\/span><b>US$624 bilh\u00f5es<\/b><span style=\"font-weight: 400;\">. O que, \u00e9 claro, contribui para o aumento da produ\u00e7\u00e3o de ve\u00edculos.\u00a0<\/span><\/p>\n<p><span style=\"font-weight: 400;\">At\u00e9 porque, no primeiro semestre de 2023, a ind\u00fastria deixou de fabricar quase <\/span><a href=\"https:\/\/automotivebusiness.com.br\/pt\/posts\/setor-automotivo\/industria-deixou-fazer-18-mil-carros-falta-chips\/#:~:text=Os%20dados%20foram%20divulgados%20pela,falta%20de%20chips%20no%20continente.\"><b>18 mil carros<\/b><\/a><span style=\"font-weight: 400;\"> na Am\u00e9rica do Sul por falta de chips.\u00a0<\/span><\/p>\n<p><span style=\"font-weight: 400;\">Apesar do cen\u00e1rio ainda inst\u00e1vel, as inova\u00e7\u00f5es tecnol\u00f3gicas do setor t\u00eam animado o consumidor. Portanto, elas s\u00e3o excelentes oportunidades de crescimento. \u00c9 poss\u00edvel que 2024 traga grandes revolu\u00e7\u00f5es e <\/span><a href=\"https:\/\/renavefacil.net\/blog\/2023\/02\/15\/transformacao-digital-no-setor-automotivo\/\"><span style=\"font-weight: 400;\">transforma\u00e7\u00f5es<\/span><\/a><span style=\"font-weight: 400;\"> para este mercado.\u00a0<\/span><\/p>\n<p><span style=\"font-weight: 400;\">Ent\u00e3o, continue a leitura e veja uma lista com as principais tend\u00eancias desse setor para o pr\u00f3ximo ano!<\/span><\/p>\n<blockquote><p><b>Leia tamb\u00e9m: <\/b><a href=\"https:\/\/renavefacil.net\/blog\/2023\/07\/17\/concessionaria-enxuta\/\"><b>Concession\u00e1ria enxuta: conhe\u00e7a mais sobre essa tend\u00eancia!<\/b><\/a><\/p><\/blockquote>\n<h3><b>Ve\u00edculos el\u00e9tricos<\/b><\/h3>\n<p><span style=\"font-weight: 400;\">Uma das grandes mudan\u00e7as no setor automotivo para 2024 ser\u00e1 o aumento na oferta e na demanda por <\/span><a href=\"https:\/\/renavefacil.net\/blog\/2023\/04\/18\/aumento-de-emplacamentos-dos-veiculos-eletricos\/\"><span style=\"font-weight: 400;\">ve\u00edculos el\u00e9tricos<\/span><\/a><span style=\"font-weight: 400;\"> (VE).\u00a0<\/span><\/p>\n<p><span style=\"font-weight: 400;\">Eles s\u00e3o o assunto do momento gra\u00e7as \u00e0 redu\u00e7\u00e3o dos custos de baterias, pela melhoria da infraestrutura de recarga e pelo apoio governamental no mercado.<\/span><\/p>\n<p><span style=\"font-weight: 400;\">O aumento da procura por esse modelo de ve\u00edculo tamb\u00e9m est\u00e1 relacionado \u00e0 sustentabilidade (veremos mais a seguir). Isso porque ele <\/span><b>diminui as emiss\u00f5es de carbono<\/b><span style=\"font-weight: 400;\">.\u00a0<\/span><\/p>\n<p><span style=\"font-weight: 400;\">Vale destacar aqui os carros h\u00edbridos, que reduzem o trabalho do motor de combust\u00e3o. O que n\u00e3o s\u00f3 economiza gasolina, como colabora com a diminui\u00e7\u00e3o da emiss\u00e3o de poluentes.<\/span><\/p>\n<p><span style=\"font-weight: 400;\">Al\u00e9m disso, a crescente demanda tamb\u00e9m est\u00e1 relacionada a outros benef\u00edcios gerados pelos VEs, se comparado ao de combust\u00e3o. Como, por exemplo, a economia! Afinal, o carro mais econ\u00f4mico do Brasil \u00e9 el\u00e9trico e faz <\/span><b>52,7 km\/l<\/b><span style=\"font-weight: 400;\">, segundo o <\/span><a href=\"https:\/\/jornaldocarro.estadao.com.br\/carros\/carro-mais-economico-do-brasil-e-eletrico-e-faz-527-km-l-veja-o-ranking\/\"><span style=\"font-weight: 400;\">Estad\u00e3o<\/span><\/a><span style=\"font-weight: 400;\">.<\/span><\/p>\n<p><span style=\"font-weight: 400;\">Conforme dados da Pesquisa da Webmotors, citada pela <\/span><a href=\"https:\/\/maisautomotive.com.br\/61-dos-brasileiros-querem-comprar-carro-usado-ate-2024\/\"><span style=\"font-weight: 400;\">Mais Automotive<\/span><\/a><span style=\"font-weight: 400;\">, <\/span><b>63%<\/b><span style=\"font-weight: 400;\"> dos consumidores apostam nos h\u00edbridos e el\u00e9tricos devido \u00e0 perspectiva de economia de combust\u00edvel.\u00a0<\/span><\/p>\n<p><span style=\"font-weight: 400;\">Al\u00e9m disso, <\/span><b>38%<\/b><span style=\"font-weight: 400;\"> dizem que apostam nele devido ao apre\u00e7o por experimentar novas tecnologias e <\/span><b>33%<\/b><span style=\"font-weight: 400;\"> pela preocupa\u00e7\u00e3o com o meio ambiente.\u00a0<\/span><\/p>\n<blockquote><p><span style=\"font-weight: 400;\">De todo modo,<\/span><b> 61%<\/b><span style=\"font-weight: 400;\"> deles est\u00e3o dispostos a pagar um valor mais alto por modelos eletrificados.<\/span><\/p><\/blockquote>\n<h3><b>Carro mais aut\u00f4nomos<\/b><\/h3>\n<p><span style=\"font-weight: 400;\">Os carros aut\u00f4nomos tamb\u00e9m s\u00e3o uma realidade que deve ganhar mais destaque no setor automotivo. Aqui, algumas tecnologias j\u00e1 s\u00e3o utilizadas, automatizando certas fun\u00e7\u00f5es.\u00a0<\/span><\/p>\n<p><span style=\"font-weight: 400;\">Como o sistema de estacionamento totalmente aut\u00f4nomo da Mercedes-Benz e Bosch. Eles receberam aprova\u00e7\u00e3o para o uso comercial no aeroporto de Stuttgart. O condutor apenas precisar\u00e1 enviar o carro, por meio de um aplicativo, a uma vaga j\u00e1 pr\u00e9-selecionada.<\/span><\/p>\n<p><span style=\"font-weight: 400;\">Al\u00e9m disso, h\u00e1 tamb\u00e9m ferramentas automatizadas que detectam pontos cegos e realizam o monitoramento de alerta do condutor. Assim, refor\u00e7a a ideia de que os carros mais aut\u00f4nomos s\u00e3o mais seguros que os conduzidos por humanos.<\/span><\/p>\n<p><span style=\"font-weight: 400;\">De qualquer modo, de acordo com um estudo citado pelo <\/span><a href=\"https:\/\/mobilidade.estadao.com.br\/inovacao\/carros-autonomos-uma-realidade-cada-vez-mais-proxima\/\"><span style=\"font-weight: 400;\">Mobilidade Estad\u00e3o<\/span><\/a><span style=\"font-weight: 400;\">, a expectativa \u00e9 de que at\u00e9 2040 seja poss\u00edvel<\/span><b> zerar mortes no tr\u00e2nsito <\/b><span style=\"font-weight: 400;\">com ajuda desse tipo de tecnologia.<\/span><\/p>\n<p><span style=\"font-weight: 400;\">Vale destacar que j\u00e1 existem sistemas de freio autom\u00e1tico, aviso de colis\u00e3o e detec\u00e7\u00e3o de pedestres que fortalecem a import\u00e2ncia desses carros para a seguran\u00e7a no tr\u00e2nsito.<\/span><\/p>\n<p><span style=\"font-weight: 400;\">Existem diferentes n\u00edveis de autonomia do carro, e a ideia \u00e9 que isso comece a evoluir nos pr\u00f3ximos anos atrav\u00e9s de pesquisas. Contudo, apesar do avan\u00e7o desse cen\u00e1rio, um ve\u00edculo 100% aut\u00f4nomo ainda \u00e9 uma realidade um pouco distante.<\/span><\/p>\n<h3><b>Sustentabilidade<\/b><\/h3>\n<p><span style=\"font-weight: 400;\">Como vimos acima, a sustentabilidade tem norteado algumas das principais tend\u00eancias do setor automotivo. Afinal, sabemos que esse mercado \u00e9 um dos grandes causadores da polui\u00e7\u00e3o atmosf\u00e9rica, efeito estufa e aquecimento global.<\/span><\/p>\n<p><span style=\"font-weight: 400;\">Por exemplo, segundo dados citados pelo <\/span><a href=\"https:\/\/autoesporte.globo.com\/um-so-planeta\/noticia\/2021\/04\/carros-ainda-sao-viloes-para-a-qualidade-do-ar-mas-poluicao-no-brasil-poderia-ser-muito-pior.ghtml\"><span style=\"font-weight: 400;\">Auto Esporte<\/span><\/a><span style=\"font-weight: 400;\">, os ve\u00edculos s\u00e3o respons\u00e1veis por cerca de<\/span><b> 60% das emiss\u00f5es de part\u00edculas poluentes <\/b><span style=\"font-weight: 400;\">em S\u00e3o Paulo e no Rio de Janeiro.<\/span><\/p>\n<p><span style=\"font-weight: 400;\">Nesse sentido, \u00e9 poss\u00edvel at\u00e9 que aumente a discuss\u00e3o em volta dos carros movidos a hidrog\u00eanio nos pr\u00f3ximos anos. Tendo em vista que eles reduzem as emiss\u00f5es e promovem maior efici\u00eancia do combust\u00edvel.<\/span><\/p>\n<p><span style=\"font-weight: 400;\">Contudo, a sustentabilidade no setor <\/span><b>vai al\u00e9m<\/b><span style=\"font-weight: 400;\">! \u00c9 preciso reduzir n\u00e3o s\u00f3 a pegada de carbono, como, tamb\u00e9m, adotar o uso de:<\/span><\/p>\n<ul>\n<li style=\"font-weight: 400;\" aria-level=\"1\"><span style=\"font-weight: 400;\">Energias renov\u00e1veis;<\/span><\/li>\n<li style=\"font-weight: 400;\" aria-level=\"1\"><span style=\"font-weight: 400;\">Sistemas de gest\u00e3o de res\u00edduos;<\/span><\/li>\n<li style=\"font-weight: 400;\" aria-level=\"1\"><span style=\"font-weight: 400;\">Uso de materiais menos poluentes e agressivos ao meio ambiente.<\/span><\/li>\n<\/ul>\n<p><span style=\"font-weight: 400;\">Aqui, o objetivo \u00e9 estimular e promover pr\u00e1ticas sustent\u00e1veis de fabrica\u00e7\u00e3o capazes de minimizar os efeitos desse mercado.\u00a0<\/span><\/p>\n<h3><b>Mobilidade compartilhada<\/b><\/h3>\n<p><span style=\"font-weight: 400;\">A mobilidade compartilhada \u00e9 mais uma das tend\u00eancias que devem ser impulsionadas em 2024 no setor automotivo. Contudo, essa \u00e9 uma resposta direta \u00e0 mudan\u00e7a de comportamento dos consumidores, principalmente dos mais jovens.<\/span><\/p>\n<p><span style=\"font-weight: 400;\">Afinal, o interesse em ter a carteira de motorista dessa parcela da popula\u00e7\u00e3o tem ca\u00eddo desde 2015! Segundo dados citados pelo <\/span><a href=\"https:\/\/g1.globo.com\/sp\/sao-paulo\/noticia\/2021\/08\/12\/interesse-dos-jovens-em-ter-carteira-de-motorista-cai-105percent-em-seis-anos-diz-detran-sp.ghtml\"><span style=\"font-weight: 400;\">G1<\/span><\/a><span style=\"font-weight: 400;\">, em 6 anos (at\u00e9 2021), o n\u00famero de pessoas habilitadas entre 18 a 30 anos, sofreu uma <\/span><b>queda de 10,5%<\/b><span style=\"font-weight: 400;\">.<\/span><\/p>\n<p><span style=\"font-weight: 400;\">Os motivos por tr\u00e1s disso s\u00e3o diversos, como fatores culturais, econ\u00f4micos, sociais e at\u00e9 ambientais. Logo, atualmente, a maioria deles tem optado por carros de aplicativos, transporte coletivo, ou at\u00e9 mesmo a bicicleta.<\/span><\/p>\n<p><span style=\"font-weight: 400;\">E \u00e9 nesse cen\u00e1rio que a mobilidade compartilhada vem crescendo! Seja por falta de capital, preocupa\u00e7\u00e3o com a sustentabilidade e\/ ou comodidade.\u00a0<\/span><\/p>\n<p><span style=\"font-weight: 400;\">A expectativa \u00e9 de que os fabricantes e empresas de tecnologia comecem a construir solu\u00e7\u00f5es em conjunto, capazes de atender as necessidades desse p\u00fablico.<\/span><\/p>\n<p><span style=\"font-weight: 400;\">Nesse mesmo sentido, cresce, tamb\u00e9m, os modelos de propriedade por assinatura que permitem o acesso a uma variedade de ve\u00edculos. Tudo de maneira flex\u00edvel e mais em conta.<\/span><\/p>\n<h3><b>Carros usados<\/b><\/h3>\n<p><span style=\"font-weight: 400;\">Algumas das mudan\u00e7as j\u00e1 citadas aqui influenciam o aumento da demanda pelos carros usados, como:<\/span><\/p>\n<ul>\n<li style=\"font-weight: 400;\" aria-level=\"1\"><span style=\"font-weight: 400;\">Economia;<\/span><\/li>\n<li style=\"font-weight: 400;\" aria-level=\"1\"><span style=\"font-weight: 400;\">Crise de semicondutores;<\/span><\/li>\n<li style=\"font-weight: 400;\" aria-level=\"1\"><span style=\"font-weight: 400;\">Sustentabilidade;<\/span><\/li>\n<li style=\"font-weight: 400;\" aria-level=\"1\"><span style=\"font-weight: 400;\">Flexibilidade.<\/span><\/li>\n<\/ul>\n<p><span style=\"font-weight: 400;\">Em 2023, a venda de carros usados no pa\u00eds passou a ser <\/span><b>cinco vezes maior<\/b><span style=\"font-weight: 400;\"> que a de carros novos, segundo <\/span><a href=\"https:\/\/g1.globo.com\/jornal-nacional\/noticia\/2023\/04\/29\/venda-de-carros-usados-no-pais-passa-a-ser-cinco-vezes-maior-que-a-de-carros-novos-diz-levantamento-da-fgv.ghtml\"><span style=\"font-weight: 400;\">G1<\/span><\/a><span style=\"font-weight: 400;\">. Muito disso se d\u00e1 ao aumento dos valores dos carros populares.<\/span><\/p>\n<p><span style=\"font-weight: 400;\">Ainda conforme a mat\u00e9ria, em 2019 o valor m\u00e9dio desse tipo de ve\u00edculo era de R$30 mil. Nesse caso, era preciso desembolsar 30 sal\u00e1rios m\u00ednimos da \u00e9poca.\u00a0<\/span><\/p>\n<p><span style=\"font-weight: 400;\">Em 2022, o mesmo carro passou a custar quase 70% a mais, correspondendo a <\/span><b>41 sal\u00e1rios m\u00ednimos<\/b><span style=\"font-weight: 400;\">. J\u00e1 em 2023, o pre\u00e7o aumentou mais uma vez: <\/span><b>R$67 mil<\/b><span style=\"font-weight: 400;\">.\u00a0<\/span><\/p>\n<p><span style=\"font-weight: 400;\">Por isso, a perspectiva \u00e9 de que esse ainda seja o cen\u00e1rio para o pr\u00f3ximo ano. Afinal, de acordo com a pesquisa citada acima, da Webmotors, <\/span><b>61% dos brasileiros <\/b><span style=\"font-weight: 400;\">querem comprar carro usado at\u00e9 2024!<\/span><\/p>\n<h3><b>Conectividade e digitaliza\u00e7\u00e3o<\/b><\/h3>\n<p><span style=\"font-weight: 400;\">Por fim, a conectividade e a digitaliza\u00e7\u00e3o s\u00e3o mais algumas das mudan\u00e7as no setor automotivo que v\u00e3o ser impulsionadas em 2024.\u00a0<\/span><\/p>\n<p><span style=\"font-weight: 400;\">Com os avan\u00e7os tecnol\u00f3gicos, a expectativa \u00e9 de que os carros estejam interligados a sistemas de <\/span><a href=\"https:\/\/renavefacil.net\/blog\/2023\/08\/15\/inteligencia-artificial-e-vendas-de-veiculos\/\"><span style=\"font-weight: 400;\">Intelig\u00eancia Artificial<\/span><\/a><span style=\"font-weight: 400;\">, Internet das Coisas e infoentretenimento.<\/span><\/p>\n<p><span style=\"font-weight: 400;\">O objetivo aqui \u00e9 gerar dados cada vez mais assertivos e coerentes quanto a usabilidade e funcionalidade desses ve\u00edculos. Eles possuem um papel importante na promo\u00e7\u00e3o <\/span><b>da seguran\u00e7a e no desempenho <\/b><span style=\"font-weight: 400;\">dos mesmos.\u00a0<\/span><\/p>\n<p><span style=\"font-weight: 400;\">J\u00e1 quanto \u00e0 digitaliza\u00e7\u00e3o, essa \u00e9 esperada em todo o mercado, principalmente nos estabelecimentos respons\u00e1veis pela comercializa\u00e7\u00e3o dos carros. Essa pr\u00e1tica colabora com a otimiza\u00e7\u00e3o dos processos e com o aprimoramento da <\/span><a href=\"https:\/\/renavefacil.net\/blog\/2023\/03\/15\/experiencia-do-cliente\/\"><span style=\"font-weight: 400;\">experi\u00eancia do cliente<\/span><\/a><span style=\"font-weight: 400;\">.\u00a0<\/span><\/p>\n<p><span style=\"font-weight: 400;\">Para saber mais sobre o assunto, <\/span><a href=\"https:\/\/renavefacil.net\/blog\/2023\/05\/10\/digitalizacao-do-setor-automotivo\/\"><span style=\"font-weight: 400;\">clique aqui<\/span><\/a><span style=\"font-weight: 400;\"> e acesse nosso blog completo sobre a digitaliza\u00e7\u00e3o no setor.<\/span><\/p>\n<h2><b>Mantenha-se atualizado quanto \u00e0s novidades do setor!<\/b><\/h2>\n<p><span style=\"font-weight: 400;\">\u00c9 normal que, com o passar dos anos, o setor\u00a0 automotivo se transforme e estimule o surgimento de novidades. Mas se manter atualizado quanto \u00e0s novidades \u00e9 essencial para sair na frente da concorr\u00eancia e garantir destaque mercadol\u00f3gico.\u00a0<\/span><\/p>\n<p><b>Ent\u00e3o, se voc\u00ea gostou desse conte\u00fado e deseja receber mais como este, <\/b><a href=\"https:\/\/renavefacil.net\/blog\/\"><b>acesse o nosso blog<\/b><\/a><b>. L\u00e1 voc\u00ea encontra dicas e as principais informa\u00e7\u00f5es sobre o mercado automotivo.<\/b><\/p>\n","protected":false},"excerpt":{"rendered":"<p>O comportamento do mercado e do consumidor s\u00e3o os principais influenciadores no surgimento de tend\u00eancias. E no setor automotivo n\u00e3o seria diferente. Ent\u00e3o, para te ajudar a acompanhar essas mudan\u00e7as, listamos a seguir algumas das principais tend\u00eancias para 2024. Continue a leitura para conhecer! O que esperar do setor automotivo em 2024? O setor automotivo [&hellip;]<\/p>\n","protected":false},"author":2,"featured_media":839,"comment_status":"closed","ping_status":"open","sticky":false,"template":"","format":"standard","meta":{"_seopress_robots_primary_cat":"","_seopress_titles_title":"","_seopress_titles_desc":"Acompanhar as tend\u00eancias do setor automotivo para 2024 \u00e9 fundamental para se destacar em meio a concorr\u00eancia e garantir a evolu\u00e7\u00e3o!","_seopress_robots_index":"","footnotes":""},"categories":[7],"tags":[25,27,8],"class_list":["post-835","post","type-post","status-publish","format-standard","has-post-thumbnail","hentry","category-setor-automotivo","tag-loja-de-carros","tag-processo-de-venda-de-veiculos","tag-setor-automotivo"],"jetpack_featured_media_url":"https:\/\/renavefacil.net\/blog\/wp-content\/uploads\/2023\/12\/setor-automotivo-tendencias-2024.jpg","_links":{"self":[{"href":"https:\/\/renavefacil.net\/blog\/wp-json\/wp\/v2\/posts\/835","targetHints":{"allow":["GET"]}}],"collection":[{"href":"https:\/\/renavefacil.net\/blog\/wp-json\/wp\/v2\/posts"}],"about":[{"href":"https:\/\/renavefacil.net\/blog\/wp-json\/wp\/v2\/types\/post"}],"author":[{"embeddable":true,"href":"https:\/\/renavefacil.net\/blog\/wp-json\/wp\/v2\/users\/2"}],"replies":[{"embeddable":true,"href":"https:\/\/renavefacil.net\/blog\/wp-json\/wp\/v2\/comments?post=835"}],"version-history":[{"count":0,"href":"https:\/\/renavefacil.net\/blog\/wp-json\/wp\/v2\/posts\/835\/revisions"}],"wp:featuredmedia":[{"embeddable":true,"href":"https:\/\/renavefacil.net\/blog\/wp-json\/wp\/v2\/media\/839"}],"wp:attachment":[{"href":"https:\/\/renavefacil.net\/blog\/wp-json\/wp\/v2\/media?parent=835"}],"wp:term":[{"taxonomy":"category","embeddable":true,"href":"https:\/\/renavefacil.net\/blog\/wp-json\/wp\/v2\/categories?post=835"},{"taxonomy":"post_tag","embeddable":true,"href":"https:\/\/renavefacil.net\/blog\/wp-json\/wp\/v2\/tags?post=835"}],"curies":[{"name":"wp","href":"https:\/\/api.w.org\/{rel}","templated":true}]}}