{"id":678,"date":"2023-04-18T08:00:00","date_gmt":"2023-04-18T11:00:00","guid":{"rendered":"https:\/\/renavefacil.net\/blog\/?p=678"},"modified":"2023-09-28T10:25:34","modified_gmt":"2023-09-28T13:25:34","slug":"aumento-de-emplacamentos-dos-veiculos-eletricos","status":"publish","type":"post","link":"https:\/\/renavefacil.net\/blog\/2023\/04\/18\/aumento-de-emplacamentos-dos-veiculos-eletricos\/","title":{"rendered":"Como acompanhar o aumento de emplacamentos dos ve\u00edculos el\u00e9tricos?"},"content":{"rendered":"<p><i><span style=\"font-weight: 400;\">O aumento de emplacamentos dos ve\u00edculos el\u00e9tricos \u00e9 um processo j\u00e1 esperado pelo setor. No entanto, no \u00faltimo ano, vimos essa tend\u00eancia dar alguns saltos em dire\u00e7\u00e3o \u00e0 eletromobilidade.\u00a0<\/span><\/i><\/p>\n<p><i><span style=\"font-weight: 400;\">Para entender as causas dessa mudan\u00e7a e como acompanh\u00e1-la, continue a leitura. Reunimos as principais informa\u00e7\u00f5es sobre o assunto neste texto.<\/span><\/i><\/p>\n<h2><b>Por que se atentar ao aumento de emplacamentos dos ve\u00edculos el\u00e9tricos?<\/b><\/h2>\n<p><span style=\"font-weight: 400;\">H\u00e1 aumento de emplacamentos dos ve\u00edculos el\u00e9tricos no territ\u00f3rio nacional. Isso porque, segundo a Associa\u00e7\u00e3o Brasileira do Ve\u00edculo El\u00e9trico (<\/span><a href=\"http:\/\/www.abve.org.br\/100-mil-eletrificados-circulam-no-brasil\/\"><span style=\"font-weight: 400;\">ABVE<\/span><\/a><span style=\"font-weight: 400;\">), no Brasil j\u00e1 circulam mais de 100 mil carros el\u00e9tricos desde 2012.<\/span><\/p>\n<p><span style=\"font-weight: 400;\">E at\u00e9 26 de julho de 2022, as vendas dos eletrificados somavam mais de 23 mil ve\u00edculos leves. O que \u00e9 31% a mais do que os 17.524 dos sete primeiros meses de 2021.\u00a0<\/span><\/p>\n<p><span style=\"font-weight: 400;\">Nesse mesmo dia, aconteceram 20 emplacamentos de ve\u00edculos 100% el\u00e9tricos (BEV) e foi quando a marca de circula\u00e7\u00e3o chegou a 100.2922 ve\u00edculos el\u00e9tricos.<\/span><\/p>\n<p><span style=\"font-weight: 400;\">Portanto, apesar de ter sido um aumento gradativo ao longo dos \u00faltimos anos, em 2022 os ve\u00edculos el\u00e9tricos obtiveram um grande salto quanto a sua ades\u00e3o.<\/span><\/p>\n<p><span style=\"font-weight: 400;\">Antes de citarmos os fatores respons\u00e1veis por esse crescimento, refor\u00e7amos que os carros el\u00e9tricos surgiram como uma alternativa mais sustent\u00e1vel aos ve\u00edculos comuns.\u00a0<\/span><\/p>\n<p><span style=\"font-weight: 400;\">Por n\u00e3o realizarem a combust\u00e3o f\u00f3sseis, esses que s\u00e3o recursos naturais n\u00e3o renov\u00e1veis (como o petr\u00f3leo, g\u00e1s e carv\u00e3o, por exemplo), reduzem a polui\u00e7\u00e3o do ar, ao n\u00e3o emitirem gases poluentes, e a polui\u00e7\u00e3o sonora.<\/span><\/p>\n<p><span style=\"font-weight: 400;\">E a pesquisa da McKinsey &amp; Company, citada pelo <\/span><a href=\"https:\/\/jornaldocarro.estadao.com.br\/carros\/carros-eletricos-brasileiros-tem-receptividade-acima-da-media-diz-estudo\/\"><span style=\"font-weight: 400;\">Estad\u00e3o<\/span><\/a><span style=\"font-weight: 400;\">, afirma que os brasileiros t\u00eam mais interesse por carros el\u00e9tricos que popula\u00e7\u00f5es de pa\u00edses desenvolvidos.\u00a0<\/span><\/p>\n<p><span style=\"font-weight: 400;\">Um dos motivos est\u00e1 ligado justamente \u00e0 sustentabilidade. Isto \u00e9, 64% dos brasileiros preferem ter um carro amigo do meio ambiente. Muito disso se d\u00e1 ao impacto causado pela pandemia. Afinal, hoje o consumidor entende a import\u00e2ncia de preservar o ambiente.<\/span><\/p>\n<p><span style=\"font-weight: 400;\">Outro motivo importante para o aumento da modalidade diz respeito ao valor da recarga. Tendo em vista que o custo dela \u00e9 bastante inferior em compara\u00e7\u00e3o aos combust\u00edveis tradicionais, como a gasolina.<\/span><\/p>\n<p><span style=\"font-weight: 400;\">Para complementar, por fim, conforme uma pesquisa citada pela <\/span><a href=\"https:\/\/insideevs.uol.com.br\/news\/618391\/brasil-pesquisa-carro-eletrico-senado\/\"><span style=\"font-weight: 400;\">InsideEvs<\/span><\/a><span style=\"font-weight: 400;\">, 58% dos brasileiros que desejam adquirir um carro, possuem o interesse em ter um ve\u00edculo movido a bateria.\u00a0<\/span><\/p>\n<h3><b>Quais s\u00e3o as expectativas para os pr\u00f3ximos anos?<\/b><\/h3>\n<p><img fetchpriority=\"high\" decoding=\"async\" class=\"alignnone size-large wp-image-681\" src=\"https:\/\/renavefacil.net\/blog\/wp-content\/uploads\/2023\/04\/Renave_Blog_Como-acompanhar-o-aumento-de-emplacamentos-dos-veiculos-eletricos-1-1024x768.jpg\" alt=\"\" width=\"1024\" height=\"768\" srcset=\"https:\/\/renavefacil.net\/blog\/wp-content\/uploads\/2023\/04\/Renave_Blog_Como-acompanhar-o-aumento-de-emplacamentos-dos-veiculos-eletricos-1-1024x768.jpg 1024w, https:\/\/renavefacil.net\/blog\/wp-content\/uploads\/2023\/04\/Renave_Blog_Como-acompanhar-o-aumento-de-emplacamentos-dos-veiculos-eletricos-1-300x225.jpg 300w, https:\/\/renavefacil.net\/blog\/wp-content\/uploads\/2023\/04\/Renave_Blog_Como-acompanhar-o-aumento-de-emplacamentos-dos-veiculos-eletricos-1-768x576.jpg 768w, https:\/\/renavefacil.net\/blog\/wp-content\/uploads\/2023\/04\/Renave_Blog_Como-acompanhar-o-aumento-de-emplacamentos-dos-veiculos-eletricos-1-1536x1152.jpg 1536w, https:\/\/renavefacil.net\/blog\/wp-content\/uploads\/2023\/04\/Renave_Blog_Como-acompanhar-o-aumento-de-emplacamentos-dos-veiculos-eletricos-1.jpg 1600w\" sizes=\"(max-width: 1024px) 100vw, 1024px\" \/><\/p>\n<p><span style=\"font-weight: 400;\">Apesar do aumento de emplacamentos dos ve\u00edculos el\u00e9tricos e da busca por essa modalidade, ainda h\u00e1 alguns pontos que impedem a completa ades\u00e3o da mesma.\u00a0<\/span><\/p>\n<p><span style=\"font-weight: 400;\">Ainda conforme a pesquisa da McKinsey &amp; Company, 70% dos entrevistados consideram experimentar carros el\u00e9tricos via servi\u00e7os por assinatura. Isso porque muitos n\u00e3o conseguem visualizar as vantagens em ser propriet\u00e1rio de um ve\u00edculo. Portanto, 18% deles visam a redu\u00e7\u00e3o dos custos totais de propriedade.<\/span><\/p>\n<p><span style=\"font-weight: 400;\">Tudo isso se d\u00e1 \u00e0s barreiras que ainda existem quando o assunto \u00e9 ve\u00edculos el\u00e9tricos. Como, por exemplo, a falta de infraestrutura, pre\u00e7o alto e tempo de recarga, bem como a grande diferen\u00e7a entre o valor dos carros el\u00e9tricos e os de combust\u00e3o.<\/span><\/p>\n<p><span style=\"font-weight: 400;\">Contudo, a pesquisa citada pela InsideEvs afirma que h\u00e1 projetos no Senado sobre o assunto. Um deles diz respeito \u00e0 Comiss\u00e3o de Assuntos Econ\u00f4micos que visa isentar o Imposto de Importa\u00e7\u00e3o deste tipo de ve\u00edculo, podendo reduzir o custo final entre 10% a 20%.<\/span><\/p>\n<p><span style=\"font-weight: 400;\">J\u00e1 citando os dados reunidos pelo Estad\u00e3o, o n\u00famero de eletropostos no Brasil vem aumentando. No total h\u00e1 1.300 esta\u00e7\u00f5es de recarga. S\u00f3 na cidade de S\u00e3o Paulo h\u00e1 455 pontos. Mesmo que o Brasil ainda n\u00e3o conte com uma lei espec\u00edfica quanto a cobran\u00e7a de energia, alguns locais exigem certo valor pela recarga.\u00a0<\/span><\/p>\n<p><span style=\"font-weight: 400;\">Mas a pesquisa da McKinsey &amp; Company ainda aponta para o grande apetite do brasileiro por novas tecnologias. E, devido \u00e0s vantagens operacionais e de sustentabilidade, a tend\u00eancia \u00e9 que a mobilidade el\u00e9trica seja aderida cada vez mais.<\/span><\/p>\n<blockquote><p><span style=\"font-weight: 400;\">Sendo assim, h\u00e1 4 fatores principais que podem alavancar a eletromobilidade no pa\u00eds: consumidores; tecnologias; infraestrutura e incentivo regulat\u00f3rio.<\/span><\/p><\/blockquote>\n<p><span style=\"font-weight: 400;\">Logo, o aumento da infraestrutura de recarga e da oferta de diferentes modelos no mercado ir\u00e3o impulsionar as vendas, expandindo esse cen\u00e1rio e tornando a circula\u00e7\u00e3o dos ve\u00edculos eletr\u00f4nicos uma realidade frequente.<\/span><\/p>\n<h2><b>Como acompanhar essa crescente pela busca dos ve\u00edculos el\u00e9tricos?<\/b><\/h2>\n<p><img decoding=\"async\" class=\"alignnone size-large wp-image-682\" src=\"https:\/\/renavefacil.net\/blog\/wp-content\/uploads\/2023\/04\/Renave_Blog_Como-acompanhar-o-aumento-de-emplacamentos-dos-veiculos-eletricos-2-1024x682.jpg\" alt=\"\" width=\"1024\" height=\"682\" srcset=\"https:\/\/renavefacil.net\/blog\/wp-content\/uploads\/2023\/04\/Renave_Blog_Como-acompanhar-o-aumento-de-emplacamentos-dos-veiculos-eletricos-2-1024x682.jpg 1024w, https:\/\/renavefacil.net\/blog\/wp-content\/uploads\/2023\/04\/Renave_Blog_Como-acompanhar-o-aumento-de-emplacamentos-dos-veiculos-eletricos-2-300x200.jpg 300w, https:\/\/renavefacil.net\/blog\/wp-content\/uploads\/2023\/04\/Renave_Blog_Como-acompanhar-o-aumento-de-emplacamentos-dos-veiculos-eletricos-2-768x512.jpg 768w, https:\/\/renavefacil.net\/blog\/wp-content\/uploads\/2023\/04\/Renave_Blog_Como-acompanhar-o-aumento-de-emplacamentos-dos-veiculos-eletricos-2-1536x1023.jpg 1536w, https:\/\/renavefacil.net\/blog\/wp-content\/uploads\/2023\/04\/Renave_Blog_Como-acompanhar-o-aumento-de-emplacamentos-dos-veiculos-eletricos-2-272x182.jpg 272w, https:\/\/renavefacil.net\/blog\/wp-content\/uploads\/2023\/04\/Renave_Blog_Como-acompanhar-o-aumento-de-emplacamentos-dos-veiculos-eletricos-2.jpg 1600w\" sizes=\"(max-width: 1024px) 100vw, 1024px\" \/><\/p>\n<p><span style=\"font-weight: 400;\">Pensando no crescimento da ades\u00e3o aos ve\u00edculos el\u00e9tricos e no aumento previsto desta tend\u00eancia, listamos a seguir dicas que colaboram para o acompanhamento dessas transforma\u00e7\u00f5es. Confira a seguir!<\/span><\/p>\n<h3><b>Invista em atualiza\u00e7\u00e3o\u00a0<\/b><\/h3>\n<p><span style=\"font-weight: 400;\">A primeira dica para acompanhar o aumento de emplacamento dos ve\u00edculos el\u00e9tricos \u00e9 o investimento em atualiza\u00e7\u00e3o. O <\/span><a href=\"https:\/\/renavefacil.net\/blog\/2022\/05\/16\/setor-automotivo-nos-proximos-anos-quais-sao-as-tendencias\/\"><span style=\"font-weight: 400;\">setor automotivo<\/span><\/a><span style=\"font-weight: 400;\"> precisa se manter informado, esclarecido e modernizado para garantir o alcance dessas demandas com excel\u00eancia.\u00a0<\/span><\/p>\n<p><span style=\"font-weight: 400;\">Aqui falamos tamb\u00e9m da necessidade de utiliza\u00e7\u00e3o de solu\u00e7\u00f5es seguras e \u00e1geis que contribuam para a inova\u00e7\u00e3o, facilitando o trabalho di\u00e1rio.\u00a0<\/span><\/p>\n<p><span style=\"font-weight: 400;\">Para isso, \u00e9 preciso participar das principais feiras e eventos do setor. Assim ser\u00e1 poss\u00edvel entender as discuss\u00f5es do cen\u00e1rio atual, conhecendo t\u00e9cnicas e ferramentas inteligentes. Tudo isso gra\u00e7as \u00e0 troca de experi\u00eancias e o contato direto com o mercado.<\/span><\/p>\n<p><span style=\"font-weight: 400;\">Por exemplo, esses s\u00e3o os melhores ambientes para se manter atento \u00e0s <\/span><a href=\"https:\/\/renavefacil.net\/blog\/2023\/02\/15\/transformacao-digital-no-setor-automotivo\/\"><span style=\"font-weight: 400;\">transforma\u00e7\u00f5es digitais<\/span><\/a><span style=\"font-weight: 400;\"> do setor e o uso constante desses instrumentos para garantir desempenho, produtividade, agilidade e efici\u00eancia.<\/span><\/p>\n<p><span style=\"font-weight: 400;\">Outra boa forma de se manter atualizado \u00e9 analisando a concorr\u00eancia para identificar as pr\u00e1ticas que est\u00e3o dando certo. E, assim, estudar a possibilidade de aplica\u00e7\u00e3o no seu neg\u00f3cio tamb\u00e9m.\u00a0<\/span><\/p>\n<p><span style=\"font-weight: 400;\">Por fim, acompanhe os principais \u00f3rg\u00e3os do setor e empresas destaques para ter acesso facilitado \u00e0s novidades do mercado.<\/span><\/p>\n<h3><b>Aposte no treinamento das suas equipes<\/b><\/h3>\n<p><span style=\"font-weight: 400;\">Em seguida, \u00e9 essencial <\/span><a href=\"https:\/\/renavefacil.net\/blog\/2023\/01\/16\/vendedores-de-veiculos\/\"><span style=\"font-weight: 400;\">capacitar<\/span><\/a><span style=\"font-weight: 400;\"> as suas equipes para aumentar as vendas, melhorar as experi\u00eancias do cliente e tornar o processo cada vez mais \u00e1gil e assertivo.\u00a0<\/span><\/p>\n<p><span style=\"font-weight: 400;\">Afinal, com o aumento de emplacamentos dos ve\u00edculos el\u00e9tricos, haver\u00e1 d\u00favidas e curiosidades sobre a modalidade. \u00c9 fundamental que sua equipe saiba resolv\u00ea-los e respond\u00ea-los para garantir a venda.\u00a0<\/span><\/p>\n<p><span style=\"font-weight: 400;\">\u00c9 somente com a seguran\u00e7a e certeza passada por seus vendedores, que voc\u00ea poder\u00e1 assegurar maiores oportunidades e, de fato, se preparar para um cen\u00e1rio cada vez mais el\u00e9trico.\u00a0<\/span><\/p>\n<p><span style=\"font-weight: 400;\">Portanto, incentive o estudo no mercado, e crie planos individuais e coletivos de treinamento. Lembre-se, quanto mais atualizado e informado for o vendedor, maior ser\u00e1 a confian\u00e7a do cliente.\u00a0<\/span><\/p>\n<h3><b>Utilize o sistema Renave<\/b><\/h3>\n<p><span style=\"font-weight: 400;\">Por \u00faltimo, \u00e9 extremamente fundamental o uso do sistema Renave para garantir a seguran\u00e7a, rapidez, simplicidade e otimiza\u00e7\u00e3o da <\/span><a href=\"https:\/\/renavefacil.net\/blog\/2022\/08\/25\/transferencia-de-propriedade-de-veiculos\/\"><span style=\"font-weight: 400;\">transfer\u00eancia de propriedades<\/span><\/a><span style=\"font-weight: 400;\"> dos ve\u00edculos el\u00e9tricos ou n\u00e3o..<\/span><\/p>\n<p><span style=\"font-weight: 400;\">O Registro Nacional de Ve\u00edculos em Estoque (<\/span><a href=\"https:\/\/renavefacil.net\/blog\/2022\/06\/28\/renave-o-que-e-e-como-funciona-o-sistema\/\"><span style=\"font-weight: 400;\">Renave<\/span><\/a><span style=\"font-weight: 400;\">) realiza a ponte com o banco de dados nacional de maneira r\u00e1pida e facilitada, contribuindo com a comercializa\u00e7\u00e3o. Seu principal objetivo \u00e9 registrar a entrada e sa\u00edda de estoque dos ve\u00edculos dos estabelecimentos.<\/span><\/p>\n<p><span style=\"font-weight: 400;\">Dessa forma, o sistema realiza a formaliza\u00e7\u00e3o da compra e venda de ve\u00edculos, reduzindo a burocracia e evitando fraudes.\u00a0<\/span><\/p>\n<p><span style=\"font-weight: 400;\">Destacamos que para os ve\u00edculos novos, a comercializa\u00e7\u00e3o atrav\u00e9s do sistema Renave \u00e9 obrigat\u00f3rio!\u00a0<\/span><\/p>\n<p><span style=\"font-weight: 400;\">Ent\u00e3o, para entender mais sobre o sistema, <\/span><a href=\"https:\/\/conteudo.renavefacil.net\/renave-zero-km-conheca-todas-as-fases-do-projeto-e-saiba-como-aderir\"><span style=\"font-weight: 400;\">clique aqui<\/span><\/a><span style=\"font-weight: 400;\"> e acesse o nosso guia sobre o Renave Zero Km. Com ele voc\u00ea conhecer\u00e1 todas as fases correspondentes ao processo e saber\u00e1 como aderi-lo.<\/span><\/p>\n","protected":false},"excerpt":{"rendered":"<p>O aumento de emplacamentos dos ve\u00edculos el\u00e9tricos \u00e9 um processo j\u00e1 esperado pelo setor. No entanto, no \u00faltimo ano, vimos essa tend\u00eancia dar alguns saltos em dire\u00e7\u00e3o \u00e0 eletromobilidade.\u00a0 Para entender as causas dessa mudan\u00e7a e como acompanh\u00e1-la, continue a leitura. Reunimos as principais informa\u00e7\u00f5es sobre o assunto neste texto. Por que se atentar ao [&hellip;]<\/p>\n","protected":false},"author":2,"featured_media":680,"comment_status":"closed","ping_status":"open","sticky":false,"template":"","format":"standard","meta":{"_seopress_robots_primary_cat":"","_seopress_titles_title":"","_seopress_titles_desc":"O aumento de emplacamentos dos ve\u00edculos el\u00e9tricos refere-se a busca por sustentabilidade e por solu\u00e7\u00f5es alternativas \u00e0 varia\u00e7\u00e3o do pre\u00e7o de combust\u00edvel.","_seopress_robots_index":"","footnotes":""},"categories":[5,7],"tags":[25,8,12],"class_list":["post-678","post","type-post","status-publish","format-standard","has-post-thumbnail","hentry","category-informativo","category-setor-automotivo","tag-loja-de-carros","tag-setor-automotivo","tag-sistema-renave"],"jetpack_featured_media_url":"https:\/\/renavefacil.net\/blog\/wp-content\/uploads\/2023\/04\/Renave_Blog_Como-acompanhar-o-aumento-de-emplacamentos-dos-veiculos-eletricos.jpg","_links":{"self":[{"href":"https:\/\/renavefacil.net\/blog\/wp-json\/wp\/v2\/posts\/678","targetHints":{"allow":["GET"]}}],"collection":[{"href":"https:\/\/renavefacil.net\/blog\/wp-json\/wp\/v2\/posts"}],"about":[{"href":"https:\/\/renavefacil.net\/blog\/wp-json\/wp\/v2\/types\/post"}],"author":[{"embeddable":true,"href":"https:\/\/renavefacil.net\/blog\/wp-json\/wp\/v2\/users\/2"}],"replies":[{"embeddable":true,"href":"https:\/\/renavefacil.net\/blog\/wp-json\/wp\/v2\/comments?post=678"}],"version-history":[{"count":0,"href":"https:\/\/renavefacil.net\/blog\/wp-json\/wp\/v2\/posts\/678\/revisions"}],"wp:featuredmedia":[{"embeddable":true,"href":"https:\/\/renavefacil.net\/blog\/wp-json\/wp\/v2\/media\/680"}],"wp:attachment":[{"href":"https:\/\/renavefacil.net\/blog\/wp-json\/wp\/v2\/media?parent=678"}],"wp:term":[{"taxonomy":"category","embeddable":true,"href":"https:\/\/renavefacil.net\/blog\/wp-json\/wp\/v2\/categories?post=678"},{"taxonomy":"post_tag","embeddable":true,"href":"https:\/\/renavefacil.net\/blog\/wp-json\/wp\/v2\/tags?post=678"}],"curies":[{"name":"wp","href":"https:\/\/api.w.org\/{rel}","templated":true}]}}